[{"@context":"https:\/\/schema.org\/","@type":"Article","@id":"https:\/\/www.314.cz\/gdpr-je-tu\/#Article","mainEntityOfPage":"https:\/\/www.314.cz\/gdpr-je-tu\/","headline":"GDPR je tu!","name":"GDPR je tu!","description":"Toto zm\u00edn\u011bn\u00e9 na\u0159\u00edzen\u00ed Evropsk\u00e9 Unie o ochran\u011b osobn\u00edch \u00fadaj\u016f zav\u00e1d\u00ed princip zodpov\u011bdnosti, kter\u00e1 spo\u010d\u00edv\u00e1 v tom, \u017ee spr\u00e1vci a zpracovatel\u00e9 \u00fadaj\u016f, bez ohledu na svoji velikost \u010di po\u010det zam\u011bstnan\u00fdch, mus\u00ed zav\u00e9st takov\u00e1 technick\u00e1, organiza\u010dn\u00ed a procesn\u00ed opat\u0159en\u00ed, kter\u00e1 prok\u00e1\u017e\u00ed soulad s principy na\u0159\u00edzen\u00ed. Pr\u00e1v\u011b spr\u00e1vc\u016fm t\u011bchto osobn\u00edch \u00fadaj\u016f na\u0159izuje zaveden\u00ed spr\u00e1vn\u00fdch technick\u00fdch, organiza\u010dn\u00edch a procesn\u00edch...","datePublished":"2024-10-05","dateModified":"2024-10-05","author":{"@type":"Person","@id":"https:\/\/www.314.cz\/author\/#Person","name":"314.cz","url":"https:\/\/www.314.cz\/author\/","identifier":1,"image":{"@type":"ImageObject","@id":"https:\/\/secure.gravatar.com\/avatar\/2d2e3fdaba6370eba756fb4048c695326686ff29010a0df4d58b27c20544521d?s=96&d=mm&r=g","url":"https:\/\/secure.gravatar.com\/avatar\/2d2e3fdaba6370eba756fb4048c695326686ff29010a0df4d58b27c20544521d?s=96&d=mm&r=g","height":96,"width":96}},"publisher":{"@type":"Organization","name":"314.cz","logo":{"@type":"ImageObject","@id":"\/logo.png","url":"\/logo.png","width":600,"height":60}},"image":{"@type":"ImageObject","@id":"https:\/\/www.314.cz\/wp-content\/uploads\/img_a313991_w1959_t1524767950.jpg","url":"https:\/\/www.314.cz\/wp-content\/uploads\/img_a313991_w1959_t1524767950.jpg","height":0,"width":0},"url":"https:\/\/www.314.cz\/gdpr-je-tu\/","wordCount":440,"articleBody":"Toto zm\u00edn\u011bn\u00e9 na\u0159\u00edzen\u00ed Evropsk\u00e9 Unie o ochran\u011b osobn\u00edch \u00fadaj\u016f zav\u00e1d\u00ed princip zodpov\u011bdnosti, kter\u00e1 spo\u010d\u00edv\u00e1 v tom, \u017ee spr\u00e1vci a zpracovatel\u00e9 \u00fadaj\u016f, bez ohledu na svoji velikost \u010di po\u010det zam\u011bstnan\u00fdch, mus\u00ed zav\u00e9st takov\u00e1 technick\u00e1, organiza\u010dn\u00ed a procesn\u00ed opat\u0159en\u00ed, kter\u00e1 prok\u00e1\u017e\u00ed soulad s principy na\u0159\u00edzen\u00ed.Pr\u00e1v\u011b spr\u00e1vc\u016fm t\u011bchto osobn\u00edch \u00fadaj\u016f na\u0159izuje zaveden\u00ed spr\u00e1vn\u00fdch technick\u00fdch, organiza\u010dn\u00edch a procesn\u00edch opat\u0159en\u00ed tak, aby byli schopni dolo\u017eit na v\u00fdzvu, \u017ee zpracov\u00e1n\u00ed je pr\u00e1v\u011b v souladu s na\u0159\u00edzen\u00edm. Nyn\u00ed se tedy povinnost ochrany t\u011bchto \u00fadaj\u016f vztahuje nejen na spr\u00e1vce, ale tak\u00e9 na zpracovatele. Jsou pak zodpov\u011bd\u011bni spole\u010dn\u011b v p\u0159\u00edpad\u011b, \u017ee nap\u0159\u00edklad data spr\u00e1vce posb\u00edr\u00e1 a p\u0159ed\u00e1 je zpracovateli.Jak tedy postupovat, abyste i vy v\u0161echno m\u011bli v po\u0159\u00e1dku? Ud\u011blejte n\u00e1sleduj\u00edc\u00ed kroky:1.\u00a0\u00a0\u00a0\u00a0\u00a0 Projd\u011bte si, kde v\u0161ude m\u00e1te osobn\u00ed \u00fadaje ulo\u017eeny.2.\u00a0\u00a0\u00a0\u00a0\u00a0 Zmapujte si, kdo v\u0161echno s nimi m\u00e1 pr\u00e1vo manipulovat.3.\u00a0\u00a0\u00a0\u00a0\u00a0 Odhalte, zda m\u00e1 k informac\u00edm n\u011bkdo p\u0159\u00edstup, kdo v\u0161echno a pro\u010d vlastn\u011b.4.\u00a0\u00a0\u00a0\u00a0\u00a0 Vy\u0159e\u0161te tak zvanou \u0161edou z\u00f3nu IT, pokud jsou data ule\u017eena mimo ur\u010den\u00e1 \u00falo\u017ei\u0161t\u011b.S t\u00edm v\u0161\u00edm samoz\u0159ejm\u011b souvis\u00ed i zabezpe\u010den\u00ed dat, proto\u017ee firmy budou muset naprosto p\u0159esn\u011b definovat pravidla za \u00fa\u010delem zaji\u0161t\u011bn\u00ed dat p\u0159ed \u00fanikem. Jak p\u0159ed \u00fatokem zven\u010d\u00ed, tak p\u0159ed \u00fanikem dat v r\u00e1mci vnit\u0159n\u00edch incident\u016f.Ve velk\u00fdch firm\u00e1ch samoz\u0159ejm\u011b bezpe\u010dnost zaji\u0161\u0165uj\u00ed IT odd\u011blen\u00ed, kte\u0159\u00ed zpravidla tu\u0161\u00ed, kter\u00e1 bije, ale st\u00e1le to nev\u00ed v\u0161ichni. N\u011bkte\u0159\u00ed specialist\u00e9 dosud nemaj\u00ed p\u0159edstavu o tom, co by v\u0161echno m\u011bli zajistit. T\u00edm jsou pak posti\u017eeni samoz\u0159ejm\u011b i zam\u011bstnanci dal\u0161\u00edch odd\u011blen\u00ed, kte\u0159\u00ed p\u0159ich\u00e1zej\u00ed denn\u011b do styku s citliv\u00fdmi \u00fadaji.Pt\u00e1te se tedy, co m\u00e1te jako podnikatel ud\u011blat?Samoz\u0159ejm\u011b nen\u00ed to nic, co byste nezvl\u00e1dli vy\u0159e\u0161it. Pokud tedy m\u00e1te zam\u011bstnance \u010di datab\u00e1zi, je pot\u0159eba m\u00edt p\u00edsemn\u011b o\u0161et\u0159eno, \u017ee souhlas\u00ed se zpracov\u00e1n\u00edm osobn\u00edch \u00fadaj\u016f a tak\u00e9 mus\u00edte m\u00edt povoleno, co s \u00fadaji m\u016f\u017eete d\u011blat.Nap\u0159\u00edklad z\u00e1kazn\u00edkovi m\u016f\u017eete poslat formul\u00e1\u0159, kde v\u00e1m zad\u00e1 souhlas s pou\u017eit\u00edm pr\u00e1v\u011b osobn\u00edch \u00fadaj\u016f, fotografi\u00ed \u010di emailov\u00fdch adres a d\u016fvod tohoto pou\u017eit\u00ed.                                                                                                                                                                                                                                                                                                                                                                                        4.4\/5 - (16 votes)        "},{"@context":"https:\/\/schema.org\/","@type":"BreadcrumbList","itemListElement":[{"@type":"ListItem","position":1,"name":"GDPR je tu!","item":"https:\/\/www.314.cz\/gdpr-je-tu\/#breadcrumbitem"}]}]