[{"@context":"https:\/\/schema.org\/","@type":"Article","@id":"https:\/\/www.314.cz\/foceni-miminek-praha-vam-zvecni-vas-poklad-navzdy\/#Article","mainEntityOfPage":"https:\/\/www.314.cz\/foceni-miminek-praha-vam-zvecni-vas-poklad-navzdy\/","headline":"Focen\u00ed miminek Praha v\u00e1m zv\u011b\u010dn\u00ed v\u00e1\u0161 poklad nav\u017edy","name":"Focen\u00ed miminek Praha v\u00e1m zv\u011b\u010dn\u00ed v\u00e1\u0161 poklad nav\u017edy","description":"Narozen\u00ed miminka je obrovskou ud\u00e1lost\u00ed, na kterou se t\u011b\u0161\u00ed cel\u00e1 rodina. Ji\u017e v obdob\u00ed t\u011bhotenstv\u00ed si partne\u0159i velice \u010dasto p\u0159edstavuj\u00ed, jak to jejich malink\u00e9 miminko bude vlastn\u011b vypadat, jak\u00e9 bude m\u00edt vl\u00e1sky, ou\u0161ka, nos\u00e1nek, o\u010di\u010dka a rt\u00edky. Komu se bude v\u00edce podobat, a jak bude okouzluj\u00edc\u00ed. V\u011b\u0159te tomu, \u017ee a\u017e se to mali\u010dk\u00e9 narod\u00ed, p\u0159ed\u010d\u00ed...","datePublished":"2018-03-09","dateModified":"2018-03-09","author":{"@type":"Person","@id":"https:\/\/www.314.cz\/author\/#Person","name":"314.cz","url":"https:\/\/www.314.cz\/author\/","identifier":1,"image":{"@type":"ImageObject","@id":"https:\/\/secure.gravatar.com\/avatar\/2d2e3fdaba6370eba756fb4048c695326686ff29010a0df4d58b27c20544521d?s=96&d=mm&r=g","url":"https:\/\/secure.gravatar.com\/avatar\/2d2e3fdaba6370eba756fb4048c695326686ff29010a0df4d58b27c20544521d?s=96&d=mm&r=g","height":96,"width":96}},"publisher":{"@type":"Organization","name":"314.cz","logo":{"@type":"ImageObject","@id":"\/logo.png","url":"\/logo.png","width":600,"height":60}},"image":{"@type":"ImageObject","@id":"https:\/\/www.314.cz\/wp-content\/uploads\/img_a313602_w2433_t1524501223.jpg","url":"https:\/\/www.314.cz\/wp-content\/uploads\/img_a313602_w2433_t1524501223.jpg","height":0,"width":0},"url":"https:\/\/www.314.cz\/foceni-miminek-praha-vam-zvecni-vas-poklad-navzdy\/","about":["Slu\u017eby"],"wordCount":394,"articleBody":"             Narozen\u00ed miminka je obrovskou ud\u00e1lost\u00ed, na kterou se t\u011b\u0161\u00ed cel\u00e1 rodina. Ji\u017e v obdob\u00ed t\u011bhotenstv\u00ed si partne\u0159i velice \u010dasto p\u0159edstavuj\u00ed, jak to jejich malink\u00e9 miminko bude vlastn\u011b vypadat, jak\u00e9 bude m\u00edt vl\u00e1sky, ou\u0161ka, nos\u00e1nek, o\u010di\u010dka a rt\u00edky. Komu se bude v\u00edce podobat, a jak bude okouzluj\u00edc\u00ed. V\u011b\u0159te tomu, \u017ee a\u017e se to mali\u010dk\u00e9 narod\u00ed, p\u0159ed\u010d\u00ed to va\u0161e p\u0159edstavy, proto\u017ee bude ur\u010dit\u011b mnohem v\u00edc okouzluj\u00edc\u00ed, ne\u017e jste si vysnili. Narozen\u00edm miminka se doslova obr\u00e1t\u00ed cel\u00fd v\u00e1s dosavadn\u00ed \u017eivot. St\u0159ed vesm\u00edru se p\u0159esune k tomu mal\u00e9mu tvore\u010dkovi, kter\u00fd v\u00e1s bude pot\u0159ebovat. Najednou tady budete muset b\u00fdt pro n\u011bkoho, kdo se bez v\u00e1s prost\u011b neobejde. Za\u010d\u00e1tky b\u00fdvaj\u00ed mnohdy t\u011b\u017ek\u00e9. Je pot\u0159eba se p\u0159izp\u016fsobit nov\u00e9 situaci, nau\u010dit se starosti o miminko a vytvo\u0159it si jak\u00fdsi spole\u010dn\u00fd re\u017eim. S p\u0159\u00edchodem d\u00edt\u011bte p\u0159ich\u00e1z\u00ed spousta nov\u00fdch starost\u00ed a povinnost\u00ed. I p\u0159esto se v\u0161ak jedn\u00e1 o nejv\u011bt\u0161\u00ed \u0161t\u011bst\u00ed, kter\u00e9 v\u00e1s m\u016f\u017ee potkat. A v\u011b\u0159te tomu, \u017ee tyto chv\u00edle budou ut\u00edkat neskute\u010dn\u011b rychl\u00fdm tempem. A\u017e s d\u011btmi pozn\u00e1te, jak \u010das vlastn\u011b let\u00ed. Proto si nenechejte uj\u00edt \u017e\u00e1dn\u00fd moment a \u017e\u00e1dn\u00fd okam\u017eik a pro\u017e\u00edvejte ka\u017ed\u00fd den s miminkem naplno. Abyste v\u0161ak m\u011bli tak\u00e9 n\u011bjakou tu pam\u00e1tku, nezapom\u00ednejte fotit. Vyfo\u0165te si ka\u017ed\u00fd d\u016fle\u017eit\u00fd okam\u017eik, kter\u00fd se v \u017eivot\u011b va\u0161eho miminka uskute\u010dn\u00ed. Velmi p\u011bkn\u00e9 jsou tak\u00e9 profesion\u00e1ln\u00ed fotografie, kter\u00e9 jsou ji\u017e na tro\u0161ku vy\u0161\u0161\u00ed \u00farovni. Focen\u00ed miminek Praha v\u00e1m nab\u00edz\u00ed nenahraditeln\u00e9 a jedine\u010dn\u00e9 fotografie va\u0161eho narozen\u00e9ho miminka, kter\u00e9 si m\u016f\u017eete zpest\u0159it jednak origin\u00e1ln\u00edm prost\u0159ed\u00edm, jednak tak\u00e9 vkusn\u00fdmi dopl\u0148ky, kter\u00e9 fotografii doslova podtrhnou a vyj\u00e1d\u0159\u00ed tak k\u0159ehkost a nevinnost toho mal\u00e9ho uzl\u00ed\u010dku \u0161t\u011bst\u00ed. Profesion\u00e1ln\u00ed fotografie pak mohou b\u00fdt perfektn\u00edm d\u00e1rkem pro rodinn\u00e9 p\u0159\u00edbuzn\u00e9 a perfektn\u00ed ozdobou do va\u0161eho domu. Rovn\u011b\u017e v\u0161ak zapln\u00ed alba a zv\u011b\u010dn\u00ed tak tyto okam\u017eiky, kter\u00e9 trvaj\u00ed tak kr\u00e1tkou dobu.                                                                                                                                                                                                                                                                                                                                                                                          3.9\/5 - (10 votes)        "},{"@context":"https:\/\/schema.org\/","@type":"BreadcrumbList","itemListElement":[{"@type":"ListItem","position":1,"name":"Focen\u00ed miminek Praha v\u00e1m zv\u011b\u010dn\u00ed v\u00e1\u0161 poklad nav\u017edy","item":"https:\/\/www.314.cz\/foceni-miminek-praha-vam-zvecni-vas-poklad-navzdy\/#breadcrumbitem"}]}]